{"id":157,"date":"2018-04-28T19:01:27","date_gmt":"2018-04-28T19:01:27","guid":{"rendered":"http:\/\/bocemtium.com\/comunicacion\/?p=157"},"modified":"2021-05-12T13:47:18","modified_gmt":"2021-05-12T13:47:18","slug":"la-triple-terapia-contra-la-epoc-aumenta-la-efectividad-de-los-tratamientos-contra-esta-enfermedad-que-causa-unas-18-000-muertes-cada-ano-en-espana","status":"publish","type":"post","link":"https:\/\/bocemtium.com\/web\/2018\/04\/28\/la-triple-terapia-contra-la-epoc-aumenta-la-efectividad-de-los-tratamientos-contra-esta-enfermedad-que-causa-unas-18-000-muertes-cada-ano-en-espana\/","title":{"rendered":"La \u201ctriple terapia\u201d contra la EPOC aumenta la efectividad de los tratamientos contra esta enfermedad, que causa unas 18.000 muertes cada a\u00f1o en Espa\u00f1a"},"content":{"rendered":"<p><img loading=\"lazy\" decoding=\"async\" class=\"aligncenter size-full wp-image-159\" src=\"https:\/\/bocemtium.com\/web\/wp-content\/uploads\/2021\/05\/banner.jpg\" alt=\"\" width=\"895\" height=\"213\" \/>Uno de los puntos de inter\u00e9s del 1<a href=\"http:\/\/epoc.bocemtium.com\/\" target=\"_blank\" rel=\"noopener noreferrer\"><b>6 Symposium Enfermerdad Pulmonar Obstructiva Cr\u00f3nica (EPOC)<\/b>,<\/a> que concluye hoy en Barcelona, ha sido la discusi\u00f3n sobre la \u201c<strong>triple terapia<\/strong>\u201d, mediante un \u00fanico dispositivo inhalador, del cual saldr\u00e1n al menos dos presentaciones en el mercado, en breve.<\/p>\n<p>Se han programado en el Symposium diversas sesiones como, entre otras, \u201cFenotipos de la EPOC\u201d, \u201cCorticoides inhalados\u201d, \u201cTabaquismo y patrolog\u00eda intersticial pulmonar\u201d, \u201cGen\u00e9tica de la EPOC\u201d y presentaci\u00f3n y discusi\u00f3n de diferentes casos cl\u00ednicos. En total, cerca de 40 ponentes. El director cient\u00edfico del Instituto de Salud Global-Barcelona (ISGlobal), <strong>Dr. Josep Maria Ant\u00f3<\/strong> dio la conferencia magistral \u201cSalud planetaria\u201d.<\/p>\n<p>Paralelamente tambi\u00e9n se ha llevado a cabo una reuni\u00f3n especialmente dirigida para los m\u00e9dicos de Atenci\u00f3n Primaria, liderada por el <strong>Dr. Marc Miratvilles.<\/strong><\/p>\n<p>El director cient\u00edfico -junto con el <strong>Dr. Marc Miratvilles<\/strong>&#8211; y fundador del Symposium, <strong>Dr. Josep Morera, <\/strong>se\u00f1ala que \u201cla EPOC sigue siendo un problema de salud importante, no solamente en nuestro pa\u00eds sino de \u00e1mbito mundial.\u00a0 La enfermedad ha pasado de ser ignorada hace treinta a\u00f1os, no s\u00f3lo por la poblaci\u00f3n, sino que incluso por algunos colectivos m\u00e9dicos, a seguir siendo hoy en d\u00eda de m\u00e1ximo inter\u00e9s para la comunidad cient\u00edfica, especialmente los neum\u00f3logos, m\u00e9dicos de asistencia primaria, internistas y epidemi\u00f3logos e incluso por los Gobiernos\u201d.<\/p>\n<p><strong>La EPOC est\u00e1 causada, principalmente, por el humo del tabaco <\/strong><\/p>\n<p>La EPOC es un trastorno que causa una gran morbilidad y mortalidad a escala global. Seg\u00fan la Organizaci\u00f3n Mundial de la Salud (OMS), todos los a\u00f1os provoca la muerte de al menos 2,9 millones de personas. Las estimaciones globales de mortalidad realizadas en 1990 se han actualizado recientemente, y reiteran que la EPOC, que era la quinta causa de muerte en 1990, la cuarta desde 2000 y pasar\u00e1 a ser la tercera en 2020. Posteriormente a esa fecha, e incluso asumiendo el escenario m\u00e1s pesimista respecto a la expansi\u00f3n mundial del virus de la inmunodeficiencia humana-sida, la OMS indica que en 2030 la EPOC seguir\u00e1 siendo la causa del 7,8% de todas las muertes y representar\u00e1 el 27% de las muertes relacionadas por el tabaco, s\u00f3lo superada por el c\u00e1ncer, con el 33%, y por las enfermedades cardiovasculares, con el 29%.\u00a0 <strong>La EPOC est\u00e1 causada, principalmente, por el humo del tabaco<\/strong> y produce como s\u00edntoma principal una disminuci\u00f3n de la capacidad respiratoria, que avanza lentamente con el paso de los a\u00f1os y ocasiona un deterioro considerable en la calidad de vida de las personas afectadas y muerte prematura. La EPOC causa cada a\u00f1o <strong>18.000 muertes en Espa\u00f1a<\/strong>.<\/p>\n","protected":false},"excerpt":{"rendered":"<p>Uno de los puntos de inter\u00e9s del 16 Symposium Enfermerdad Pulmonar Obstructiva Cr\u00f3nica (EPOC), que concluye hoy en Barcelona, ha sido la discusi\u00f3n sobre la \u201ctriple terapia\u201d, mediante un \u00fanico dispositivo inhalador, del cual saldr\u00e1n al menos dos presentaciones en el mercado, en breve. Se han programado en el Symposium &hellip;<\/p>\n","protected":false},"author":2,"featured_media":158,"comment_status":"closed","ping_status":"closed","sticky":false,"template":"","format":"standard","meta":{"footnotes":""},"categories":[16,17,58],"tags":[24,59,60],"class_list":["post-157","post","type-post","status-publish","format-standard","has-post-thumbnail","hentry","category-clipping","category-congresos","category-epoc","tag-barcelona","tag-jordi-morera","tag-tabaco"],"_links":{"self":[{"href":"https:\/\/bocemtium.com\/web\/wp-json\/wp\/v2\/posts\/157","targetHints":{"allow":["GET"]}}],"collection":[{"href":"https:\/\/bocemtium.com\/web\/wp-json\/wp\/v2\/posts"}],"about":[{"href":"https:\/\/bocemtium.com\/web\/wp-json\/wp\/v2\/types\/post"}],"author":[{"embeddable":true,"href":"https:\/\/bocemtium.com\/web\/wp-json\/wp\/v2\/users\/2"}],"replies":[{"embeddable":true,"href":"https:\/\/bocemtium.com\/web\/wp-json\/wp\/v2\/comments?post=157"}],"version-history":[{"count":1,"href":"https:\/\/bocemtium.com\/web\/wp-json\/wp\/v2\/posts\/157\/revisions"}],"predecessor-version":[{"id":479,"href":"https:\/\/bocemtium.com\/web\/wp-json\/wp\/v2\/posts\/157\/revisions\/479"}],"wp:featuredmedia":[{"embeddable":true,"href":"https:\/\/bocemtium.com\/web\/wp-json\/"}],"wp:attachment":[{"href":"https:\/\/bocemtium.com\/web\/wp-json\/wp\/v2\/media?parent=157"}],"wp:term":[{"taxonomy":"category","embeddable":true,"href":"https:\/\/bocemtium.com\/web\/wp-json\/wp\/v2\/categories?post=157"},{"taxonomy":"post_tag","embeddable":true,"href":"https:\/\/bocemtium.com\/web\/wp-json\/wp\/v2\/tags?post=157"}],"curies":[{"name":"wp","href":"https:\/\/api.w.org\/{rel}","templated":true}]}}