{"id":201,"date":"2019-05-15T07:39:18","date_gmt":"2019-05-15T07:39:18","guid":{"rendered":"http:\/\/bocemtium.com\/comunicacion\/?p=201"},"modified":"2021-05-12T13:29:56","modified_gmt":"2021-05-12T13:29:56","slug":"201","status":"publish","type":"post","link":"https:\/\/bocemtium.com\/web\/2019\/05\/15\/201\/","title":{"rendered":"El pr\u00f3ximo 30 de mayo se inaugurar\u00e1 en Santander el XXVI Congreso Nacional de la SEEGG"},"content":{"rendered":"<p><img loading=\"lazy\" decoding=\"async\" class=\"wp-image-198 size-medium alignleft\" src=\"https:\/\/bocemtium.com\/web\/wp-content\/uploads\/2021\/05\/IMG-20180412-WA0003-300x168.jpg\" alt=\"\" width=\"300\" height=\"168\" \/>Durante los d\u00edas 30 y 31 de mayo se celebrar\u00e1 el <a href=\"https:\/\/bocemtium.com\/seegg\/2019\/\" target=\"_blank\" rel=\"noopener noreferrer\"><strong>XXVI Congreso Nacional de la Sociedad Espa\u00f1ola de Enfermer\u00eda Geri\u00e1trica y Gerontol\u00f3gi<\/strong><\/a>ca (SEEGG) en el Hotel Santemar de Santander. El lema del congreso es \u00ab<strong>De los cuidados geri\u00e1tricos a los cuidados gerontol\u00f3gicos<\/strong>\u00bb y participar\u00e1n unos <strong>300 profesionales<\/strong> de todo el Estado. El objetivo del Congreso, seg\u00fan el presidente de la <a href=\"http:\/\/seegg.es\/\" target=\"_blank\" rel=\"noopener noreferrer\">SEEGG<\/a>, <strong>Fernando Mart\u00edne<\/strong>z, es \u00abseguir aportando conocimiento y poner en valor las buenas pr\u00e1cticas que desarrollan las enfermeras y enfermeros que dedica su vida profesional a la atenci\u00f3n de las personas mayores y que constituyen un pilar fundamental en nuestra profesi\u00f3n y sociedad\u00bb.<\/p>\n<p>La inauguraci\u00f3n inaugural ser\u00e1 impartida por <strong>Mercedes Ferro Montiu<\/strong>,\u00a0Coordinadora Sociosanitaria en Servicio Navarro de Salud. El congreso ha programado 7 conferencias, 6 mesas redondas y 3 talleres en los que participar\u00e1n cerca de 60 ponentes. Tambi\u00e9n se celebrar\u00e1 un \u00abEncuentro de directores y gestores de recursos para mayores\u00bb. La conferencia de clausura correr\u00e1 a cargo de <strong>David Cantarero Prieto<\/strong>, profesor de Econom\u00eda Aplicada de la Universidad de Cantabria.<\/p>\n<p>El Congreso de la <a href=\"http:\/\/seegg.es\/\" target=\"_blank\" rel=\"noopener noreferrer\">SEEGG<\/a> cuenta con la colaboraci\u00f3n de <a href=\"https:\/\/twitter.com\/cant_infinita\">Cantabria Infinita<\/a> y el patricio de las empresas: <a href=\"http:\/\/bk.apexmedicalcorp.com\/\/?lang=es-es\" target=\"_blank\" rel=\"noopener noreferrer\">APEX<\/a>, <a href=\"https:\/\/www.bimedica.com\/\" target=\"_blank\" rel=\"noopener noreferrer\">Bimedica<\/a>, <a href=\"https:\/\/www.fresenius-kabi.com\/es\/\" target=\"_blank\" rel=\"noopener noreferrer\">Fresenius Cab<\/a>i, <a href=\"https:\/\/hartmann.info\/es-es\" target=\"_blank\" rel=\"noopener noreferrer\">Hartmann<\/a>,<a href=\"http:\/\/www.linet.es\/es\/\" target=\"_blank\" rel=\"noopener noreferrer\"> Linet<\/a>, <a href=\"http:\/\/www.e-rol.es\/body.php\" target=\"_blank\" rel=\"noopener noreferrer\">Revista de Enfermer\u00eda<span style=\"color: #001000;\"> y<\/span><\/a> <a href=\"http:\/\/www.smith-nephew.com\/espana\/#\" target=\"_blank\" rel=\"noopener noreferrer\">Smith&amp;nephe<\/a>u.<\/p>\n<pre>|<a href=\"https:\/\/bocemtium.com\/seegg\/2019\/programa\/\" target=\"_blank\" rel=\"noopener noreferrer\">PROGRAMA CONGRESO SEEGG<\/a>|<\/pre>\n<p>&nbsp;<\/p>\n","protected":false},"excerpt":{"rendered":"<p>Durante los d\u00edas 30 y 31 de mayo se celebrar\u00e1 el XXVI Congreso Nacional de la Sociedad Espa\u00f1ola de Enfermer\u00eda Geri\u00e1trica y Gerontol\u00f3gica (SEEGG) en el Hotel Santemar de Santander. El lema del congreso es \u00abDe los cuidados geri\u00e1tricos a los cuidados gerontol\u00f3gicos\u00bb y participar\u00e1n unos 300 profesionales de todo &hellip;<\/p>\n","protected":false},"author":2,"featured_media":395,"comment_status":"closed","ping_status":"closed","sticky":false,"template":"","format":"standard","meta":{"footnotes":""},"categories":[17,42],"tags":[],"class_list":["post-201","post","type-post","status-publish","format-standard","has-post-thumbnail","hentry","category-congresos","category-seegg"],"_links":{"self":[{"href":"https:\/\/bocemtium.com\/web\/wp-json\/wp\/v2\/posts\/201","targetHints":{"allow":["GET"]}}],"collection":[{"href":"https:\/\/bocemtium.com\/web\/wp-json\/wp\/v2\/posts"}],"about":[{"href":"https:\/\/bocemtium.com\/web\/wp-json\/wp\/v2\/types\/post"}],"author":[{"embeddable":true,"href":"https:\/\/bocemtium.com\/web\/wp-json\/wp\/v2\/users\/2"}],"replies":[{"embeddable":true,"href":"https:\/\/bocemtium.com\/web\/wp-json\/wp\/v2\/comments?post=201"}],"version-history":[{"count":1,"href":"https:\/\/bocemtium.com\/web\/wp-json\/wp\/v2\/posts\/201\/revisions"}],"predecessor-version":[{"id":418,"href":"https:\/\/bocemtium.com\/web\/wp-json\/wp\/v2\/posts\/201\/revisions\/418"}],"wp:featuredmedia":[{"embeddable":true,"href":"https:\/\/bocemtium.com\/web\/wp-json\/wp\/v2\/media\/395"}],"wp:attachment":[{"href":"https:\/\/bocemtium.com\/web\/wp-json\/wp\/v2\/media?parent=201"}],"wp:term":[{"taxonomy":"category","embeddable":true,"href":"https:\/\/bocemtium.com\/web\/wp-json\/wp\/v2\/categories?post=201"},{"taxonomy":"post_tag","embeddable":true,"href":"https:\/\/bocemtium.com\/web\/wp-json\/wp\/v2\/tags?post=201"}],"curies":[{"name":"wp","href":"https:\/\/api.w.org\/{rel}","templated":true}]}}