{"id":230,"date":"2019-05-22T05:23:47","date_gmt":"2019-05-22T05:23:47","guid":{"rendered":"http:\/\/bocemtium.com\/comunicacion\/?p=230"},"modified":"2021-05-12T13:27:12","modified_gmt":"2021-05-12T13:27:12","slug":"230","status":"publish","type":"post","link":"https:\/\/bocemtium.com\/web\/2019\/05\/22\/230\/","title":{"rendered":"\u00abEl empoderamiento de los profesionales de la enfermer\u00eda geri\u00e1trica y gerontol\u00f3gica es cada vez mayor\u00bb"},"content":{"rendered":"<h3><img loading=\"lazy\" decoding=\"async\" class=\"alignright size-medium wp-image-231\" src=\"https:\/\/bocemtium.com\/web\/wp-content\/uploads\/2021\/05\/fernando_Mart\u00ednez-300x200.png\" alt=\"\" width=\"300\" height=\"200\" \/>Entrevista a <strong>Fernando Mart\u00ednez<\/strong>, presidente de la <a href=\"http:\/\/seegg.es\/\" target=\"_blank\" rel=\"noopener noreferrer\">Sociedad Espa\u00f1ola de Enfermer\u00eda Geri\u00e1trica y Gerontol\u00f3gica (SEEGG)<\/a> que iniciar\u00e1 el pr\u00f3ximo 30 de mayo su <a href=\"https:\/\/bocemtium.com\/seegg\/2019\/\" target=\"_blank\" rel=\"noopener noreferrer\">XXVI Congreso Nacional en Santander<\/a>.<\/h3>\n<p><strong>Pregunta (P). 300 profesionales de la enfermer\u00eda geri\u00e1trica y gerontol\u00f3gica participar\u00e1n en el pr\u00f3ximo Congreso nacional de la SEEGG de Santander. \u00bfCu\u00e1l es el objetivo del Congreso?<\/strong><\/p>\n<p><strong>Respuesta (R)<\/strong>. El principal objetivo del congreso es recalcar y profundizar en la labor que la enfermer\u00eda geri\u00e1trica y gerontol\u00f3gica viene realizando en el \u00e1mbito sanitario. Hasta ahora este trabajo se hab\u00eda centrado principalmente en la atenci\u00f3n de la enfermedad y a los cuidados de los pacientes. En este momento, se ha abierto a la poblaci\u00f3n sana en aspectos tan importantes como la prevenci\u00f3n de las enfermedades, la educaci\u00f3n de la salud , la docencia y, sobre todo en la investigaci\u00f3n y las nuevas tecnolog\u00edas.<\/p>\n<p><strong>P. El a\u00f1o pasado se reclam\u00f3 en el congreso la importancia de los especialistas en enfermer\u00eda geri\u00e1trica y gerontol\u00f3gica. \u00bfSe ha avanzado en este aspecto?<\/strong><\/p>\n<p><strong>R.<\/strong> No se ha generado ninguna plaza de enfermer\u00eda especialista en geriatr\u00eda y gerontolog\u00eda. Todav\u00eda hay pocas plazas espec\u00edficas de enfermer\u00eda geri\u00e1trica, no solo en centros sociosanitarios y residencias, sino tambi\u00e9n en hospitales y centros de salud. Ninguna Comunidad Aut\u00f3noma ha convocado este \u00faltimo a\u00f1o un puesto de trabajo de especialista.<\/p>\n<p>Tendremos una sociedad de personas mayores y ser\u00e1 necesario contar con profesionales preparados para atender a sus necesidades. Nuestra labor es seguir trabajando esta l\u00ednea de ir sensibilizando a los diferentes gobiernos para que generen m\u00e1s unidades multidisciplinares de geriatr\u00eda con plazas de especialistas.<\/p>\n<div class=\"mceTemp\">\n<figure id=\"attachment_232\" aria-describedby=\"caption-attachment-232\" style=\"width: 300px\" class=\"wp-caption alignleft\"><img loading=\"lazy\" decoding=\"async\" class=\"size-medium wp-image-232\" src=\"https:\/\/bocemtium.com\/web\/wp-content\/uploads\/2021\/05\/IMG-20170330-WA0011-300x225.jpg\" alt=\"\" width=\"300\" height=\"225\" \/><figcaption id=\"caption-attachment-232\" class=\"wp-caption-text\">Imagen de la pasada edici\u00f3n del Congreso Nacional de la SEEGG.<\/figcaption><\/figure>\n<p><strong>P. \u00bfQu\u00e9 destacar\u00eda del programa cient\u00edfico del Congreso de la SEEGG?<\/strong><\/p>\n<p>El programa del congreso de este a\u00f1o destaca el empoderamiento de los profesionales de la enfermer\u00eda geri\u00e1trica y la cada vez mayor importancia y el papel relevante que est\u00e1 tomando en las l\u00edneas de decisi\u00f3n de los centros. Otro aspecto a resaltar tiene que ver con el envejecimiento activo y el empoderamiento de las personas mayores y sus familias y c\u00f3mo se relacionan con los profesionales que cuidan la vejez. Por \u00faltimo, la innovaci\u00f3n y las nuevas tecnolog\u00edas de la informaci\u00f3n tendr\u00e1n en las ponencias un lugar destacado, adem\u00e1s de otros aspectos m\u00e1s pragm\u00e1ticos en formas de talleres y conferencias sobre temas diversos del d\u00eda a d\u00eda de los profesionales en sus centros de trabajo.<\/p>\n<\/div>\n","protected":false},"excerpt":{"rendered":"<p>Entrevista a Fernando Mart\u00ednez, presidente de la Sociedad Espa\u00f1ola de Enfermer\u00eda Geri\u00e1trica y Gerontol\u00f3gica (SEEGG) que iniciar\u00e1 el pr\u00f3ximo 30 de mayo su XXVI Congreso Nacional en Santander. Pregunta (P). 300 profesionales de la enfermer\u00eda geri\u00e1trica y gerontol\u00f3gica participar\u00e1n en el pr\u00f3ximo Congreso nacional de la SEEGG de Santander. \u00bfCu\u00e1l &hellip;<\/p>\n","protected":false},"author":2,"featured_media":395,"comment_status":"closed","ping_status":"closed","sticky":false,"template":"","format":"standard","meta":{"footnotes":""},"categories":[17,42],"tags":[40,73],"class_list":["post-230","post","type-post","status-publish","format-standard","has-post-thumbnail","hentry","category-congresos","category-seegg","tag-enfermeria-geriatrica","tag-santander"],"_links":{"self":[{"href":"https:\/\/bocemtium.com\/web\/wp-json\/wp\/v2\/posts\/230","targetHints":{"allow":["GET"]}}],"collection":[{"href":"https:\/\/bocemtium.com\/web\/wp-json\/wp\/v2\/posts"}],"about":[{"href":"https:\/\/bocemtium.com\/web\/wp-json\/wp\/v2\/types\/post"}],"author":[{"embeddable":true,"href":"https:\/\/bocemtium.com\/web\/wp-json\/wp\/v2\/users\/2"}],"replies":[{"embeddable":true,"href":"https:\/\/bocemtium.com\/web\/wp-json\/wp\/v2\/comments?post=230"}],"version-history":[{"count":2,"href":"https:\/\/bocemtium.com\/web\/wp-json\/wp\/v2\/posts\/230\/revisions"}],"predecessor-version":[{"id":416,"href":"https:\/\/bocemtium.com\/web\/wp-json\/wp\/v2\/posts\/230\/revisions\/416"}],"wp:featuredmedia":[{"embeddable":true,"href":"https:\/\/bocemtium.com\/web\/wp-json\/wp\/v2\/media\/395"}],"wp:attachment":[{"href":"https:\/\/bocemtium.com\/web\/wp-json\/wp\/v2\/media?parent=230"}],"wp:term":[{"taxonomy":"category","embeddable":true,"href":"https:\/\/bocemtium.com\/web\/wp-json\/wp\/v2\/categories?post=230"},{"taxonomy":"post_tag","embeddable":true,"href":"https:\/\/bocemtium.com\/web\/wp-json\/wp\/v2\/tags?post=230"}],"curies":[{"name":"wp","href":"https:\/\/api.w.org\/{rel}","templated":true}]}}