{"id":242,"date":"2020-01-02T11:51:03","date_gmt":"2020-01-02T11:51:03","guid":{"rendered":"http:\/\/bocemtium.com\/comunicacion\/?p=242"},"modified":"2021-05-12T13:22:47","modified_gmt":"2021-05-12T13:22:47","slug":"bocemtium-integra-en-su-estructura-a-la-empresa-organizadora-de-congresos-sbc-reforzando-dermatologia","status":"publish","type":"post","link":"https:\/\/bocemtium.com\/web\/2020\/01\/02\/bocemtium-integra-en-su-estructura-a-la-empresa-organizadora-de-congresos-sbc-reforzando-dermatologia\/","title":{"rendered":"bocemtium integra en su estructura a la empresa organizadora de congresos SBC, reforzando Dermatolog\u00eda"},"content":{"rendered":"<h6>La directora de SBC, Mar\u00eda Jos\u00e9 Tiffon, ser\u00e1 la responsable de Dermatolog\u00eda de bocemtium<\/h6>\n<figure id=\"attachment_244\" aria-describedby=\"caption-attachment-244\" style=\"width: 200px\" class=\"wp-caption alignright\"><img loading=\"lazy\" decoding=\"async\" class=\"wp-image-244 size-full\" src=\"https:\/\/bocemtium.com\/web\/wp-content\/uploads\/2021\/05\/2-tiffon-mj.jpg\" alt=\"\" width=\"200\" height=\"200\" \/><figcaption id=\"caption-attachment-244\" class=\"wp-caption-text\">Mar\u00eda Jos\u00e9 Tiffon, nueva responsable de Dermatolog\u00eda de bocemtium<\/figcaption><\/figure>\n<p><strong>bocemtium<\/strong> refuerza su \u00e1rea de negocio en la organizaci\u00f3n de congresos y reuniones de la especialidad m\u00e9dica de Dermatolog\u00eda tras la integraci\u00f3n en su estructura de la compa\u00f1\u00eda <strong>SBC Servicios B\u00e1sicos de Congresos<\/strong>, cuya directora, <strong>Mar\u00eda Jos\u00e9 Tiffon<\/strong>, pasa a ser la responsable del \u00e1rea de Dermatolog\u00eda de <strong>bocemtium<\/strong>. Tanto bocemtium como <strong>SBC<\/strong> son miembros de la A<a href=\"http:\/\/www.opc.cat\" target=\"_blank\" rel=\"noopener noreferrer\">sociaci\u00f3n Catalana de Empresas Organizadoras de Congresos y Reuniones (OPC Catalunya)<\/a> y de la <a href=\"https:\/\/opcspain.org\/\" target=\"_blank\" rel=\"noopener noreferrer\">Federaci\u00f3n Espa\u00f1ola de OPC<\/a>. <strong>Jaume Bolt\u00e0<\/strong>, director general de bocemtium, se\u00f1ala que \u201ctras este acuerdo con <strong>SBC<\/strong>, uno de los OPC m\u00e1s reconocidos en la organizaci\u00f3n de eventos de la especialidad dermatol\u00f3gica, seguimos ampliando nuestra presencia en esta \u00e1rea de conocimiento y en la que hemos encontrado sinergia y nuevas oportunidades\u201d. <strong>Bolt\u00e0<\/strong> a\u00f1ade que \u201cla experiencia de <strong>Mar\u00eda Jos\u00e9 Tiffo<\/strong>n y su prestigio en la comunidad m\u00e9dica, cient\u00edfica y compa\u00f1\u00edas del sector es sin duda una garant\u00eda de \u00e9xito en este nuevo proyecto\u201d.<\/p>\n<p>SBC inici\u00f3 su actividad en 2006 y ha trabajado entre otros, con la <a href=\"http:\/\/www.aedv.es\" target=\"_blank\" rel=\"noopener noreferrer\">Academia Espa\u00f1ola de Dermatolog\u00eda y Venereolog\u00eda (AEDV)<\/a> gestionando varios grupos de trabajo: el Grupo Espa\u00f1ol de Dermatolog\u00eda Est\u00e9tica y Terap\u00e9utica (GEDET), el Grupo de Tricolog\u00eda, el Grupo de Cirug\u00eda y Oncolog\u00eda (GEDOC), la EADO (European Association on Dermato-Oncology), el EORTC Melanoma Group (EORTC MG) y con diferentes servicios de dermatolog\u00eda. Por su parte, <strong>bocemtium<\/strong> est\u00e1 desarrollando actualmente proyectos para diversos grupos de la AEDV como el Grupo Espa\u00f1ol de Fotobiolog\u00eda (GEF) y el Grupo Espa\u00f1ol de Investigaci\u00f3n de Dermatitis de Contacto (GEIDAC).<\/p>\n<p><strong>Tiffon<\/strong> afirm\u00f3 que \u201cambas compa\u00f1\u00edas comparten sinergia y unos valores similares de servicio, calidad, creatividad, implicaci\u00f3n y pasi\u00f3n por la innovaci\u00f3n y la ciencia; por lo que ha sido f\u00e1cil llegar a un acuerdo para dar un impulso a los congresos y reuniones m\u00e9dicas en el \u00e1rea de Dermatolog\u00eda\u201d.<\/p>\n","protected":false},"excerpt":{"rendered":"<p>La directora de SBC, Mar\u00eda Jos\u00e9 Tiffon, ser\u00e1 la responsable de Dermatolog\u00eda de bocemtium bocemtium refuerza su \u00e1rea de negocio en la organizaci\u00f3n de congresos y reuniones de la especialidad m\u00e9dica de Dermatolog\u00eda tras la integraci\u00f3n en su estructura de la compa\u00f1\u00eda SBC Servicios B\u00e1sicos de Congresos, cuya directora, Mar\u00eda &hellip;<\/p>\n","protected":false},"author":2,"featured_media":0,"comment_status":"closed","ping_status":"closed","sticky":false,"template":"","format":"standard","meta":{"footnotes":""},"categories":[67,3,36],"tags":[],"class_list":["post-242","post","type-post","status-publish","format-standard","hentry","category-aedv","category-bocemtium","category-jaume-bolta"],"_links":{"self":[{"href":"https:\/\/bocemtium.com\/web\/wp-json\/wp\/v2\/posts\/242","targetHints":{"allow":["GET"]}}],"collection":[{"href":"https:\/\/bocemtium.com\/web\/wp-json\/wp\/v2\/posts"}],"about":[{"href":"https:\/\/bocemtium.com\/web\/wp-json\/wp\/v2\/types\/post"}],"author":[{"embeddable":true,"href":"https:\/\/bocemtium.com\/web\/wp-json\/wp\/v2\/users\/2"}],"replies":[{"embeddable":true,"href":"https:\/\/bocemtium.com\/web\/wp-json\/wp\/v2\/comments?post=242"}],"version-history":[{"count":1,"href":"https:\/\/bocemtium.com\/web\/wp-json\/wp\/v2\/posts\/242\/revisions"}],"predecessor-version":[{"id":414,"href":"https:\/\/bocemtium.com\/web\/wp-json\/wp\/v2\/posts\/242\/revisions\/414"}],"wp:attachment":[{"href":"https:\/\/bocemtium.com\/web\/wp-json\/wp\/v2\/media?parent=242"}],"wp:term":[{"taxonomy":"category","embeddable":true,"href":"https:\/\/bocemtium.com\/web\/wp-json\/wp\/v2\/categories?post=242"},{"taxonomy":"post_tag","embeddable":true,"href":"https:\/\/bocemtium.com\/web\/wp-json\/wp\/v2\/tags?post=242"}],"curies":[{"name":"wp","href":"https:\/\/api.w.org\/{rel}","templated":true}]}}