{"id":290,"date":"2017-02-03T16:29:33","date_gmt":"2017-02-03T16:29:33","guid":{"rendered":"http:\/\/bocemtium.com\/comunicacion\/?p=66"},"modified":"2021-05-12T13:51:26","modified_gmt":"2021-05-12T13:51:26","slug":"66","status":"publish","type":"post","link":"https:\/\/bocemtium.com\/web\/2017\/02\/03\/66\/","title":{"rendered":"El Grupo Espa\u00f1ol de Fotobiolog\u00eda (GEF) alerta sobre la importancia de la fotoprotecci\u00f3n en el deporte"},"content":{"rendered":"<p><img loading=\"lazy\" decoding=\"async\" class=\"aligncenter size-full wp-image-68\" src=\"https:\/\/bocemtium.com\/web\/wp-content\/uploads\/2021\/05\/banner-31.png\" alt=\"\" width=\"676\" height=\"168\" \/><\/p>\n<p>Un estudio realizado por el Hospital General San Jorge de Huesca y presentado en la <strong>31 Reuni\u00f3n del Grupo Espa\u00f1ol de Fotobiolog\u00eda (GEF)<\/strong> que reuni\u00f3 durante los d\u00edas 3 y 4 de febrero en Bilbao a unos <strong>100 especialistas de todo el Estado<\/strong>, afirma que el <strong>45 por ciento de los deportistas que hacen alta monta\u00f1a reconocen haber tenido quemaduras solares<\/strong> durante el \u00faltimo a\u00f1o, sobre todo las personas claras de piel (fototipos I y II). La <strong>Dra. Mar\u00eda Victoria de G\u00e1lvez<\/strong>, coordinadora del <a href=\"https:\/\/aedv.es\/institucional\/grupos-de-trabajo\/fotobiologia\/\"><strong>GEF<\/strong><\/a> ha se\u00f1alado que \u201ces necesario hacer una tarea importante de informaci\u00f3n a las personas que practican deporte al aire libre para sensibilizar sobre la importancia de la fotoprotecci\u00f3n, principalmente en los menores de edad. El 80 por ciento de las radiaciones solares que recibe una persona a lo largo de su vida es antes de los 18 a\u00f1os que es precisamente cuando m\u00e1s deporte al aire libre se hace- y prevenir, de esta manera, el c\u00e1ncer de piel, cuya incidencia ha aumentado en Espa\u00f1a en los \u00faltimos a\u00f1os\u201d.<\/p>\n<p>El<strong> Grupo Espa\u00f1ol de Fotobiolog\u00eda (GEF)<\/strong> es un grupo multidisciplinar adscrito a la <a href=\"https:\/\/aedv.es\/\"><strong>Academia Espa\u00f1ola de Dermatolog\u00eda y Venereolog\u00eda (AEDV)<\/strong><\/a>, fundado en 1988 con el objetivo de favorecer el intercambio de conocimientos cient\u00edficos sobre los efectos de las radiaciones de la luz en la tierra y el en ser humano. El lema del congreso es \u201c<strong>Fotobiolog\u00eda Dermatol\u00f3gica, sin horizontes en el futuro<\/strong>\u201d y, seg\u00fan la <strong>Dra. De G\u00e1lvez<\/strong>, \u201cel principal objetivo de la Reuni\u00f3n es el de actualizar las novedades en todo lo relacionado con Fotobiolog\u00eda, principalmente en los avances en fotodermatosis, fotodiagn\u00f3stico, fototerapia y fotoprotecci\u00f3n\u201d.<\/p>\n<p><img loading=\"lazy\" decoding=\"async\" class=\"alignleft size-medium wp-image-67\" src=\"https:\/\/bocemtium.com\/web\/wp-content\/uploads\/2021\/05\/16523075_10208499752555264_1678348584_o-169x300.jpg\" alt=\"\" width=\"169\" height=\"300\" \/><\/p>\n<p>&nbsp;<\/p>\n<p>&nbsp;<\/p>\n<p>&nbsp;<\/p>\n<p>&nbsp;<\/p>\n<p>&nbsp;<\/p>\n<p>&nbsp;<\/p>\n<pre>|<a href=\"https:\/\/www.dropbox.com\/s\/2ln3d6fcoi3dexb\/20170203-Clipping-GEF2017.pdf?dl=0\" target=\"_blank\" rel=\"noopener noreferrer\">Clipping de prensa<\/a>|<\/pre>\n","protected":false},"excerpt":{"rendered":"<p>Un estudio realizado por el Hospital General San Jorge de Huesca y presentado en la 31 Reuni\u00f3n del Grupo Espa\u00f1ol de Fotobiolog\u00eda (GEF) que reuni\u00f3 durante los d\u00edas 3 y 4 de febrero en Bilbao a unos 100 especialistas de todo el Estado, afirma que el 45 por ciento de &hellip;<\/p>\n","protected":false},"author":2,"featured_media":0,"comment_status":"closed","ping_status":"closed","sticky":false,"template":"","format":"standard","meta":{"footnotes":""},"categories":[16,17,19],"tags":[18],"class_list":["post-290","post","type-post","status-publish","format-standard","hentry","category-clipping","category-congresos","category-gef","tag-fotobiologia"],"_links":{"self":[{"href":"https:\/\/bocemtium.com\/web\/wp-json\/wp\/v2\/posts\/290","targetHints":{"allow":["GET"]}}],"collection":[{"href":"https:\/\/bocemtium.com\/web\/wp-json\/wp\/v2\/posts"}],"about":[{"href":"https:\/\/bocemtium.com\/web\/wp-json\/wp\/v2\/types\/post"}],"author":[{"embeddable":true,"href":"https:\/\/bocemtium.com\/web\/wp-json\/wp\/v2\/users\/2"}],"replies":[{"embeddable":true,"href":"https:\/\/bocemtium.com\/web\/wp-json\/wp\/v2\/comments?post=290"}],"version-history":[{"count":1,"href":"https:\/\/bocemtium.com\/web\/wp-json\/wp\/v2\/posts\/290\/revisions"}],"predecessor-version":[{"id":489,"href":"https:\/\/bocemtium.com\/web\/wp-json\/wp\/v2\/posts\/290\/revisions\/489"}],"wp:attachment":[{"href":"https:\/\/bocemtium.com\/web\/wp-json\/wp\/v2\/media?parent=290"}],"wp:term":[{"taxonomy":"category","embeddable":true,"href":"https:\/\/bocemtium.com\/web\/wp-json\/wp\/v2\/categories?post=290"},{"taxonomy":"post_tag","embeddable":true,"href":"https:\/\/bocemtium.com\/web\/wp-json\/wp\/v2\/tags?post=290"}],"curies":[{"name":"wp","href":"https:\/\/api.w.org\/{rel}","templated":true}]}}