{"id":295,"date":"2018-03-27T15:42:07","date_gmt":"2018-03-27T15:42:07","guid":{"rendered":"http:\/\/bocemtium.com\/comunicacion\/?p=122"},"modified":"2021-05-12T13:48:55","modified_gmt":"2021-05-12T13:48:55","slug":"jaume-bolta-entrevistado-en-el-programa-valor-afegit-de-tv3","status":"publish","type":"post","link":"https:\/\/bocemtium.com\/web\/2018\/03\/27\/jaume-bolta-entrevistado-en-el-programa-valor-afegit-de-tv3\/","title":{"rendered":"Jaume Bolt\u00e0, entrevistado en el programa Valor Afegit de TV3"},"content":{"rendered":"<p><strong>Jaume Bolt\u00e0<\/strong>, director general de <a href=\"http:\/\/www.bocemtium.com\" target=\"_blank\" rel=\"noopener noreferrer\">bocemtium <\/a>y presidente de <a href=\"http:\/\/www.opc.cat\" target=\"_blank\" rel=\"noopener noreferrer\">OPC Catalunya<\/a>, particip\u00f3 en el reportaje del programa especializado en econom\u00eda y empresa de TV3, <a href=\"http:\/\/www.ccma.cat\/tv3\/valor-afegit\/\" target=\"_blank\" rel=\"noopener noreferrer\">Valor Afegit,<\/a> valorando c\u00f3mo la situaci\u00f3n pol\u00edtica de Catalu\u00f1a, a ra\u00edz del \u00abproc\u00e9s\u00bb, est\u00e1 influyendo en el negocio de los congresos.<\/p>\n<p><iframe loading=\"lazy\" title=\"Declaracions de Jaume Bolt\u00e0, president de OPC Catalunya a TV3\" width=\"993\" height=\"559\" src=\"https:\/\/www.youtube.com\/embed\/vPVl2Tkg_30?feature=oembed\" frameborder=\"0\" allow=\"accelerometer; autoplay; clipboard-write; encrypted-media; gyroscope; picture-in-picture\" allowfullscreen><\/iframe><\/p>\n<pre>|<a href=\"http:\/\/www.ccma.cat\/tv3\/alacarta\/valor-afegit\/valor-afegit-27032018\/video\/5756584\/#.W4z4dT8CmCM.whatsapp\" target=\"_blank\" rel=\"noopener noreferrer\">ver la noticia completa<\/a>|<\/pre>\n","protected":false},"excerpt":{"rendered":"<p>Jaume Bolt\u00e0, director general de bocemtium y presidente de OPC Catalunya, particip\u00f3 en el reportaje del programa especializado en econom\u00eda y empresa de TV3, Valor Afegit, valorando c\u00f3mo la situaci\u00f3n pol\u00edtica de Catalu\u00f1a, a ra\u00edz del \u00abproc\u00e9s\u00bb, est\u00e1 influyendo en el negocio de los congresos. |ver la noticia completa|<\/p>\n","protected":false},"author":2,"featured_media":459,"comment_status":"closed","ping_status":"closed","sticky":false,"template":"","format":"standard","meta":{"footnotes":""},"categories":[3,17,36,37,4],"tags":[38,39],"class_list":["post-295","post","type-post","status-publish","format-standard","has-post-thumbnail","hentry","category-bocemtium","category-congresos","category-jaume-bolta","category-medios-de-comunicacion","category-mice","tag-tv3","tag-valor-afegit"],"_links":{"self":[{"href":"https:\/\/bocemtium.com\/web\/wp-json\/wp\/v2\/posts\/295","targetHints":{"allow":["GET"]}}],"collection":[{"href":"https:\/\/bocemtium.com\/web\/wp-json\/wp\/v2\/posts"}],"about":[{"href":"https:\/\/bocemtium.com\/web\/wp-json\/wp\/v2\/types\/post"}],"author":[{"embeddable":true,"href":"https:\/\/bocemtium.com\/web\/wp-json\/wp\/v2\/users\/2"}],"replies":[{"embeddable":true,"href":"https:\/\/bocemtium.com\/web\/wp-json\/wp\/v2\/comments?post=295"}],"version-history":[{"count":1,"href":"https:\/\/bocemtium.com\/web\/wp-json\/wp\/v2\/posts\/295\/revisions"}],"predecessor-version":[{"id":482,"href":"https:\/\/bocemtium.com\/web\/wp-json\/wp\/v2\/posts\/295\/revisions\/482"}],"wp:featuredmedia":[{"embeddable":true,"href":"https:\/\/bocemtium.com\/web\/wp-json\/wp\/v2\/media\/459"}],"wp:attachment":[{"href":"https:\/\/bocemtium.com\/web\/wp-json\/wp\/v2\/media?parent=295"}],"wp:term":[{"taxonomy":"category","embeddable":true,"href":"https:\/\/bocemtium.com\/web\/wp-json\/wp\/v2\/categories?post=295"},{"taxonomy":"post_tag","embeddable":true,"href":"https:\/\/bocemtium.com\/web\/wp-json\/wp\/v2\/tags?post=295"}],"curies":[{"name":"wp","href":"https:\/\/api.w.org\/{rel}","templated":true}]}}