{"id":297,"date":"2018-04-19T17:48:48","date_gmt":"2018-04-19T17:48:48","guid":{"rendered":"http:\/\/bocemtium.com\/comunicacion\/?p=132"},"modified":"2021-05-12T13:47:54","modified_gmt":"2021-05-12T13:47:54","slug":"450-psiquiatras-de-todo-el-mundo-se-reuniron-en-barcelona-en-el-25-symposium-internacional-sobre-actualizaciones-y-controversias-en-psiquiatria","status":"publish","type":"post","link":"https:\/\/bocemtium.com\/web\/2018\/04\/19\/450-psiquiatras-de-todo-el-mundo-se-reuniron-en-barcelona-en-el-25-symposium-internacional-sobre-actualizaciones-y-controversias-en-psiquiatria\/","title":{"rendered":"450 psiquiatras de todo el mundo se reuniron en Barcelona en el \u201c25 Symposium Internacional sobre Actualizaciones y Controversias en Psiquiatr\u00eda\u201d"},"content":{"rendered":"<p><img loading=\"lazy\" decoding=\"async\" class=\"alignright size-medium wp-image-134\" src=\"https:\/\/bocemtium.com\/web\/wp-content\/uploads\/2021\/05\/controversias-1-225x300.jpg\" alt=\"\" width=\"225\" height=\"300\" \/>Unos 450 profesionales de la psiquiatr\u00eda de todo el mundo participaron en el <a href=\"http:\/\/www.controversiasbarcelona.org\/\" target=\"_blank\" rel=\"noopener noreferrer\"><strong>25 Symposium Internacional sobre Actualizaciones y Controversias en Psiquiatr\u00eda<\/strong><\/a>, Controversias 2018, celebrado en el Auditori AXA de Barcelona desde el 19 de hasta el 21 de abril. El Symposium cont\u00f3 con el aval cient\u00edfico de la <a href=\"http:\/\/sepsiq.org\/\" target=\"_blank\" rel=\"noopener noreferrer\">Sociedad Espa\u00f1ola de Psiquiatr\u00eda<\/a>, el <a href=\"https:\/\/www.cibersam.es\/\" target=\"_blank\" rel=\"noopener noreferrer\">Centro de Investigaci\u00f3n Biom\u00e9dica en Red de Salud Mental (CIBERSAM<\/a>), la <a href=\"http:\/\/webs.academia.cat\/societats\/psiquia\/\" target=\"_blank\" rel=\"noopener noreferrer\">Societat Catalana de Psiquiatria i Salut Mental<\/a>, la Sociedad Portuguesa de Psiquiatr\u00eda y Salud Mental, y la <a href=\"http:\/\/sepb.es\/\" target=\"_blank\" rel=\"noopener noreferrer\">Sociedad Espa\u00f1ola de Psiquiatr\u00eda Biol\u00f3gica<\/a>. \u201cEn esta muy especial 25 edici\u00f3n hemos querido redoblar el esfuerzo y traemos a Controversias m\u00e1s ponentes que nunca. Han confirmado su asistencia algunos de los mejores profesionales internacionales procedentes de cuatro continentes distintos\u201d, se\u00f1ala el <strong>Dr. Julio Vallejo-Ruiloba<\/strong>, copresidente de Controversias 2018, junto con el <strong>Dr. Llu\u00eds S\u00e1nchez-Planell.<\/strong><\/p>\n<p>De los 450 profesionales que asistieron a Controversias 2018, el 75 por ciento son psiquiatras, el 20 por ciento psic\u00f3logos y el resto son otros profesionales de la salud mental. El 60 por ciento de los inscritos son internacionales y el 40 por ciento restante de diferentes lugares de Espa\u00f1a, principalmente Catalu\u00f1a, Madrid, Arag\u00f3n, Comunidad Valenciana y Canarias. As\u00ed mismo y como en las ediciones anteriores, el Symposium fue transmitido en directo por v\u00eddeo <em>streaming HD<\/em> con la posibilidad de preguntar a los ponentes en los turnos de discusi\u00f3n. Este a\u00f1o se prev\u00e9 que unos 300 psiquiatras asistir\u00e1n al v\u00eddeo <em>streaming<\/em> en directo.<\/p>\n<p><strong>Un evento con reconocimiento internacional<\/strong><\/p>\n<p><strong><img loading=\"lazy\" decoding=\"async\" class=\"alignleft size-medium wp-image-135\" src=\"https:\/\/bocemtium.com\/web\/wp-content\/uploads\/2021\/05\/Anita_Riecher-300x225.jpg\" alt=\"\" width=\"300\" height=\"225\" \/>El Symposium Controversias 2018<\/strong> cont\u00f3 con cuatro mesas redondas: Modelos para explicar la complejidad; Complicaciones etiol\u00f3gicas; Complejidades en Psiquiatr\u00eda: Psicosis y trastornos bipolares; y Complejidades en Psiquiatr\u00eda: Trastornos afectivos. En total participaron 16 ponentes de gran prestigio internacional (todos ellos suman una producci\u00f3n cient\u00edfica de m\u00e1s de 7.000 art\u00edculos cient\u00edficos, con decenas de miles de citaciones) entre los que destacan <strong>Thomas R. Insel,<\/strong> presidente y cofundador de MindStrong Health, ex director del Instituto de Salud Mental de Estados Unidos y ex responsable del programa de salud mental Google\u2019s Life Sciences;\u00a0 <strong>Sir Robin Murray<\/strong>, profesor e investigador del King\u2019s College London; o <strong>Christoph U. Correll<\/strong>, profesor de Psquiatr\u00eda y Medicina Molecular en Hofstra University de Estados Unidos.<\/p>\n<p>\u201cEl conocimiento en psiquiatr\u00eda ha experimentado un importante avance en las \u00faltimas d\u00e9cadas, con contribuciones relevantes procedentes tanto de las ciencias cl\u00ednicas como de las b\u00e1sicas. Probablemente los pacientes est\u00e1n recibiendo tratamientos cada vez m\u00e1s eficientes, pero los nuevos conocimientos s\u00f3lo han demostrado la inmensa complejidad de la salud mental y la enfermedad. Complejidad que se expresa tanto en la etiolog\u00eda como en la presentaci\u00f3n cl\u00ednica y pone de manifiesto que los sistemas de clasificaci\u00f3n existentes son obsoletos, con nuevos modelos igualmente abiertos a la cr\u00edtica. Necesitamos urgentemente nuevos paradigmas para explicarla\u201d, afirma el <strong>Dr. S\u00e1nchez-Planell<\/strong>.<\/p>\n<pre>Notas de prensa\r\n\r\n<span style=\"font-size: 10pt;\"><a href=\"https:\/\/www.dropbox.com\/s\/hf1ewqv7kot46n4\/20180420-Incorporar%20al%20paciente%20mental%20en%20el%20proceso%20terap%C3%A9utico%20-%20Controversias2018.pdf?dl=0\" target=\"_blank\" rel=\"noopener noreferrer\">Incorporar al paciente mental en el proceso terap\u00e9utico ser\u00e1 habitual en un futuro, a pesar de que todav\u00eda existe un estigma social sobre las enfermedades mentales<\/a><\/span>\r\n\r\n<span style=\"font-size: 10pt;\">E<a href=\"https:\/\/www.dropbox.com\/s\/nrirfwacb5p3att\/20180421-Investigar%20nuevos%20f%C3%A1rmacos%20para%20depresi%C3%B3n%20bipolar%20-%20Controversias2018.pdf?dl=0\" target=\"_blank\" rel=\"noopener noreferrer\">xpertos resaltan la importancia de investigar en nuevos f\u00e1rmacos para el tratamiento de la depresi\u00f3n bipolar, que afecta en Espa\u00f1a a un mill\u00f3n de personas<\/a><\/span><\/pre>\n<p>&nbsp;<\/p>\n<p>&nbsp;<\/p>\n","protected":false},"excerpt":{"rendered":"<p>Unos 450 profesionales de la psiquiatr\u00eda de todo el mundo participaron en el 25 Symposium Internacional sobre Actualizaciones y Controversias en Psiquiatr\u00eda, Controversias 2018, celebrado en el Auditori AXA de Barcelona desde el 19 de hasta el 21 de abril. El Symposium cont\u00f3 con el aval cient\u00edfico de la Sociedad &hellip;<\/p>\n","protected":false},"author":2,"featured_media":475,"comment_status":"closed","ping_status":"closed","sticky":false,"template":"","format":"standard","meta":{"footnotes":""},"categories":[3,16,43],"tags":[24,44],"class_list":["post-297","post","type-post","status-publish","format-standard","has-post-thumbnail","hentry","category-bocemtium","category-clipping","category-controversias","tag-barcelona","tag-psiquiatria"],"_links":{"self":[{"href":"https:\/\/bocemtium.com\/web\/wp-json\/wp\/v2\/posts\/297","targetHints":{"allow":["GET"]}}],"collection":[{"href":"https:\/\/bocemtium.com\/web\/wp-json\/wp\/v2\/posts"}],"about":[{"href":"https:\/\/bocemtium.com\/web\/wp-json\/wp\/v2\/types\/post"}],"author":[{"embeddable":true,"href":"https:\/\/bocemtium.com\/web\/wp-json\/wp\/v2\/users\/2"}],"replies":[{"embeddable":true,"href":"https:\/\/bocemtium.com\/web\/wp-json\/wp\/v2\/comments?post=297"}],"version-history":[{"count":1,"href":"https:\/\/bocemtium.com\/web\/wp-json\/wp\/v2\/posts\/297\/revisions"}],"predecessor-version":[{"id":480,"href":"https:\/\/bocemtium.com\/web\/wp-json\/wp\/v2\/posts\/297\/revisions\/480"}],"wp:featuredmedia":[{"embeddable":true,"href":"https:\/\/bocemtium.com\/web\/wp-json\/wp\/v2\/media\/475"}],"wp:attachment":[{"href":"https:\/\/bocemtium.com\/web\/wp-json\/wp\/v2\/media?parent=297"}],"wp:term":[{"taxonomy":"category","embeddable":true,"href":"https:\/\/bocemtium.com\/web\/wp-json\/wp\/v2\/categories?post=297"},{"taxonomy":"post_tag","embeddable":true,"href":"https:\/\/bocemtium.com\/web\/wp-json\/wp\/v2\/tags?post=297"}],"curies":[{"name":"wp","href":"https:\/\/api.w.org\/{rel}","templated":true}]}}