{"id":303,"date":"2019-02-04T09:07:46","date_gmt":"2019-02-04T09:07:46","guid":{"rendered":"http:\/\/bocemtium.com\/comunicacion\/?p=182"},"modified":"2021-05-12T13:37:58","modified_gmt":"2021-05-12T13:37:58","slug":"100-especialistas-acudieron-a-la-33-reunion-del-grupo-espanol-de-fotobiologia-gef-en-palma-de-mallorca","status":"publish","type":"post","link":"https:\/\/bocemtium.com\/web\/2019\/02\/04\/100-especialistas-acudieron-a-la-33-reunion-del-grupo-espanol-de-fotobiologia-gef-en-palma-de-mallorca\/","title":{"rendered":"100 especialistas acudieron a la 33 Reuni\u00f3n del Grupo Espa\u00f1ol de Fotobiolog\u00eda (GEF) en Palma de Mallorca"},"content":{"rendered":"<p>&nbsp;<\/p>\n<figure id=\"attachment_184\" aria-describedby=\"caption-attachment-184\" style=\"width: 300px\" class=\"wp-caption alignleft\"><img loading=\"lazy\" decoding=\"async\" class=\"size-medium wp-image-184\" src=\"https:\/\/bocemtium.com\/web\/wp-content\/uploads\/2021\/05\/gef19-diego-300x225.png\" alt=\"\" width=\"300\" height=\"225\" \/><figcaption id=\"caption-attachment-184\" class=\"wp-caption-text\">El Dr. De Argila, en la inauguraci\u00f3n de la Reuni\u00f3n del GEF.<\/figcaption><\/figure>\n<p>El pasado 2 de febrero concluy\u00f3 en Palma de Mallorca la <strong><a href=\"http:\/\/bocemtium.com\/gef\/2019\/\" target=\"_blank\" rel=\"noopener noreferrer\">33 Reuni\u00f3n del Grupo Espa\u00f1ol de Fotobiolog\u00eda (GEF)<\/a><span style=\"color: #001000;\">\u00a0<\/span><\/strong><span style=\"color: #001000;\">con la participaci\u00f3n de m\u00e1s de 100 expertos de todo el Estado. La <strong>R<\/strong><strong>euni\u00f3n del GEF<\/strong> tuvo la coordinaci\u00f3n local del <strong>Dr. Joan Escalas<\/strong> y se celebr\u00f3 en el hotel <a href=\"https:\/\/www.melia.com\/es\/hoteles\/espana\/mallorca\/melia-palma-bay\/index.html?utm_campaign=SO_MEH_HOT_BIN_ES_ES_ES_0783_EXA_COR&amp;utm_medium=cpc&amp;utm_content=MEH-c_mll-mallorca-h_0783-melia_palma_bay&amp;gclid=CMX_ztDdoeACFRiUGwodi6wG6g&amp;utm_source=bing&amp;ea-bing-keyword=%5Bkeyword_text%5D&amp;utm_adg=%5Bdim_utmadg%5D&amp;gclsrc=ds&amp;utm_term=melia%20palma%20bay#ectrans=1\" target=\"_blank\" rel=\"noopener noreferrer\">Meli\u00e0 Palma Bay <\/a>de la capital balear. El lema del congreso fue \u201cSombra hecha de luz\u201d y, seg\u00fan el <strong>Dr. Diego de Argila<\/strong>, coordinador del <strong>GEF<\/strong>, \u201cel principal objetivo de la Reuni\u00f3n fue la de actualizar las novedades en todo lo relacionado con Fotobiolog\u00eda e intercambiar conocimiento entre los profesionales de este \u00e1mbito de la salud\u201d.<\/span><\/p>\n<p><img loading=\"lazy\" decoding=\"async\" class=\"alignright size-medium wp-image-185\" src=\"https:\/\/bocemtium.com\/web\/wp-content\/uploads\/2021\/05\/GEF-2019-213x300.jpg\" alt=\"\" width=\"213\" height=\"300\" \/>El programa cient\u00edfico de la Reuni\u00f3n cont\u00f3 con 11 exposiciones sobre los temas que m\u00e1s inquietan actualmente a los especialistas de la Fotobiolog\u00eda, as\u00ed como: 35 comunicaciones, 1 curso sobre Fototerapia, 5 talleres de trabajo, 3 exposiciones de trabajos en marcha y la Asamblea General del <strong>GEF<\/strong>.<\/p>\n<p>El <strong><a href=\"https:\/\/aedv.es\/institucional\/grupos-de-trabajo\/fotobiologia\/\" target=\"_blank\" rel=\"noopener noreferrer\">GEF<\/a><\/strong> es un grupo multidisciplinar adscrito a la <a href=\"https:\/\/aedv.es\/\" target=\"_blank\" rel=\"noopener noreferrer\">Academia Espa\u00f1ola de Dermatolog\u00eda y Venereolog\u00eda (AEDV)<\/a>, fundado en 1988 con el objetivo de favorecer el intercambio de conocimientos cient\u00edficos sobre los efectos de las radiaciones de la luz en la tierra y el en ser humano.<\/p>\n<p>La Reuni\u00f3n cont\u00f3 con el patrocinio de las empresas <a href=\"https:\/\/www.cantabrialabs.es\/\" target=\"_blank\" rel=\"noopener noreferrer\">Cantabria Labs<\/a>, <a href=\"https:\/\/www.eucerin.es\/\" target=\"_blank\" rel=\"noopener noreferrer\">Eucerin<\/a>, <a href=\"https:\/\/www.isdin.com\/\" target=\"_blank\" rel=\"noopener noreferrer\">Isdin<\/a>, <a href=\"https:\/\/www.eau-thermale-avene.es\/\" target=\"_blank\" rel=\"noopener noreferrer\">Av\u00e8ne<\/a>, <a href=\"https:\/\/www.biofrontera.com\/en\/\" target=\"_blank\" rel=\"noopener noreferrer\">Biofrontera,<\/a> <a href=\"https:\/\/www.galderma.es\/\" target=\"_blank\" rel=\"noopener noreferrer\">Galderma<\/a> y <a href=\"https:\/\/www.laroche-posay.es\/\">La Roche-Posay<\/a>.<\/p>\n","protected":false},"excerpt":{"rendered":"<p>&nbsp; El pasado 2 de febrero concluy\u00f3 en Palma de Mallorca la 33 Reuni\u00f3n del Grupo Espa\u00f1ol de Fotobiolog\u00eda (GEF)\u00a0con la participaci\u00f3n de m\u00e1s de 100 expertos de todo el Estado. La Reuni\u00f3n del GEF tuvo la coordinaci\u00f3n local del Dr. Joan Escalas y se celebr\u00f3 en el hotel Meli\u00e0 &hellip;<\/p>\n","protected":false},"author":2,"featured_media":420,"comment_status":"closed","ping_status":"closed","sticky":false,"template":"","format":"standard","meta":{"footnotes":""},"categories":[67,17,19],"tags":[68,18,69],"class_list":["post-303","post","type-post","status-publish","format-standard","has-post-thumbnail","hentry","category-aedv","category-congresos","category-gef","tag-diego-de-argila","tag-fotobiologia","tag-palma-de-mallorca"],"_links":{"self":[{"href":"https:\/\/bocemtium.com\/web\/wp-json\/wp\/v2\/posts\/303","targetHints":{"allow":["GET"]}}],"collection":[{"href":"https:\/\/bocemtium.com\/web\/wp-json\/wp\/v2\/posts"}],"about":[{"href":"https:\/\/bocemtium.com\/web\/wp-json\/wp\/v2\/types\/post"}],"author":[{"embeddable":true,"href":"https:\/\/bocemtium.com\/web\/wp-json\/wp\/v2\/users\/2"}],"replies":[{"embeddable":true,"href":"https:\/\/bocemtium.com\/web\/wp-json\/wp\/v2\/comments?post=303"}],"version-history":[{"count":1,"href":"https:\/\/bocemtium.com\/web\/wp-json\/wp\/v2\/posts\/303\/revisions"}],"predecessor-version":[{"id":449,"href":"https:\/\/bocemtium.com\/web\/wp-json\/wp\/v2\/posts\/303\/revisions\/449"}],"wp:featuredmedia":[{"embeddable":true,"href":"https:\/\/bocemtium.com\/web\/wp-json\/wp\/v2\/media\/420"}],"wp:attachment":[{"href":"https:\/\/bocemtium.com\/web\/wp-json\/wp\/v2\/media?parent=303"}],"wp:term":[{"taxonomy":"category","embeddable":true,"href":"https:\/\/bocemtium.com\/web\/wp-json\/wp\/v2\/categories?post=303"},{"taxonomy":"post_tag","embeddable":true,"href":"https:\/\/bocemtium.com\/web\/wp-json\/wp\/v2\/tags?post=303"}],"curies":[{"name":"wp","href":"https:\/\/api.w.org\/{rel}","templated":true}]}}