{"id":306,"date":"2019-04-29T07:56:30","date_gmt":"2019-04-29T07:56:30","guid":{"rendered":"http:\/\/bocemtium.com\/comunicacion\/?p=220"},"modified":"2021-05-12T13:34:55","modified_gmt":"2021-05-12T13:34:55","slug":"unos-600-profesionales-de-la-industria-de-las-velas-de-40-paises-estan-reunidos-en-barcelona-en-el-vi-congreso-mundial-de-fabricantes-de-velas","status":"publish","type":"post","link":"https:\/\/bocemtium.com\/web\/2019\/04\/29\/unos-600-profesionales-de-la-industria-de-las-velas-de-40-paises-estan-reunidos-en-barcelona-en-el-vi-congreso-mundial-de-fabricantes-de-velas\/","title":{"rendered":"Unos 600 profesionales de la industria de las velas de 40 pa\u00edses est\u00e1n reunidos en Barcelona en el VI Congreso Mundial de Fabricantes de Velas"},"content":{"rendered":"<h6>La mitad de los europeos usan velas al menos una vez por semana<\/h6>\n<h6>El sector de la fabricaci\u00f3n de vela factur\u00f3 en Europa unos 2.000 millones de euros, siendo la vela lit\u00fargica la m\u00e1s extendida en Espa\u00f1a<\/h6>\n<p><img loading=\"lazy\" decoding=\"async\" class=\"alignleft size-medium wp-image-222\" src=\"https:\/\/bocemtium.com\/web\/wp-content\/uploads\/2019\/04\/wwc19-2-300x169.png\" alt=\"\" width=\"300\" height=\"169\" \/>La mitad de los europeos usan velas al menos una vez por semana, seg\u00fan un estudio realizado por la <strong>Association European Candle Makers (AECM)<\/strong> en Reino Unido, Alemania, Holanda, Italia, Francia y Finlandia mediante encuestas online a 3.540 adultos y presentado hoy en el <a href=\"https:\/\/www.worldcandlecongress.com\/?lang=es\" target=\"_blank\" rel=\"noopener noreferrer\"><strong>VI Congreso Mundial de Fabricantes de Velas<\/strong><\/a> que se est\u00e1 realizando desde ayer en Barcelona. Seg\u00fan este mismo estudio, las mujeres son m\u00e1s propensas a comprar velas que los hombres (52 por ciento frente al 43 por ciento) y los principales usos son para la mayor\u00eda de los encuestados crear un ambiente agradable en el hogar y la celebraci\u00f3n de cumplea\u00f1os. As\u00ed mismo, el aroma y el precio son en general los dos factores considerados m\u00e1s importantes a la hora de comprar velas. No obstante, <strong>Miquel Roura<\/strong>, miembro del Comit\u00e9 Organizador, se\u00f1ala que \u201cEspa\u00f1a tiene menos tradici\u00f3n que el Norte de Europa en el uso de las velas, principalmente por el clima y por nuestra cultura mediterr\u00e1nea, de hacer m\u00e1s vida social en la calle. La mayor\u00eda de los europeos ya est\u00e1n a las 8 en casa\u201d. El sector de la fabricaci\u00f3n de vela factur\u00f3 en Europa unos 2.000 millones de euros, siendo la vela lit\u00fargica la m\u00e1s extendida en Espa\u00f1a.<\/p>\n<figure id=\"attachment_223\" aria-describedby=\"caption-attachment-223\" style=\"width: 300px\" class=\"wp-caption alignright\"><img loading=\"lazy\" decoding=\"async\" class=\"size-medium wp-image-223\" src=\"https:\/\/bocemtium.com\/web\/wp-content\/uploads\/2021\/05\/DSC03043-300x225.jpg\" alt=\"\" width=\"300\" height=\"225\" \/><figcaption id=\"caption-attachment-223\" class=\"wp-caption-text\">Miquel Roura. Comit\u00e9 organizador<\/figcaption><\/figure>\n<p>Desde ayer y hasta el pr\u00f3ximo mi\u00e9rcoles 1 de mayo se est\u00e1 celebrando en Barcelona el <a href=\"https:\/\/www.worldcandlecongress.com\/?lang=es\" target=\"_blank\" rel=\"noopener noreferrer\"><strong>VI Congreso Mundial de Fabricantes de Velas (WCC\u20192019)<\/strong><\/a>, que es el acontecimiento profesional m\u00e1s importante que se realiza en el mundo en el sector de la fabricaci\u00f3n de velas. El <strong>WWC\u201919<\/strong> est\u00e1 organizado por la Association European Candle Makers (AECM), la European Candle Makers (ECA) y la Asociaci\u00f3n Latinoamericana de Fabricantes de Velas (ALAFAVE). El WCC\u20192019 reunir\u00e1 en unos <strong>600 profesionales de Europa, Estados Unidos, Latinoam\u00e9rica <\/strong>y<strong> Asia<\/strong>, en total unos 40 pa\u00edses. Es la primera vez que se hace este congreso en el continente europeo. El lema del evento es \u201cIluminando el mundo con nuevas oportunidades\u201d y se est\u00e1 realizando en el Hotel Crown Plaza, centro Fira.<\/p>\n<p><strong>Miquel Roura<\/strong>, explica que \u201cel congreso tiene como objetivo compartir conocimiento y las principales problem\u00e1ticas de la industria de la vela como son los aspectos legales, las materias primas, el medio ambiente; intercambiar experiencias y debatir con colegas de otros pa\u00edses los principales temas de actualidad de nuestra industria\u201d. As\u00ed mismo destaca <strong>Roura<\/strong> que \u201chemos invitado a los principales proveedores del mundo de la industria de las velas que mostrar\u00e1n los avances e innovaci\u00f3n del sector en una importante Exposici\u00f3n Comercial\u201d.<\/p>\n<p>Los talleres y presentaciones del Congreso Mundial de Velas y Exposici\u00f3n Comercial se enfoca, entre otros, en los siguientes temas y tendencias: Pron\u00f3stico y tendencias actuales en la industria de velas, Estandarizaci\u00f3n internacional de las velas, Emisiones del quemado de velas y su posible impacto en la calidad del aire, Pabilos: tipos disponibles, tratamientos, como mejorar el desempe\u00f1o del quemado, Combusti\u00f3n de la vela: la ciencia de los mitos y la verdad, Adquisici\u00f3n de datos a trav\u00e9s de pruebas digitales y La historia de la fabricaci\u00f3n de velas.<\/p>\n","protected":false},"excerpt":{"rendered":"<p>La mitad de los europeos usan velas al menos una vez por semana El sector de la fabricaci\u00f3n de vela factur\u00f3 en Europa unos 2.000 millones de euros, siendo la vela lit\u00fargica la m\u00e1s extendida en Espa\u00f1a La mitad de los europeos usan velas al menos una vez por semana, &hellip;<\/p>\n","protected":false},"author":2,"featured_media":439,"comment_status":"closed","ping_status":"closed","sticky":false,"template":"","format":"standard","meta":{"footnotes":""},"categories":[17],"tags":[24,74],"class_list":["post-306","post","type-post","status-publish","format-standard","has-post-thumbnail","hentry","category-congresos","tag-barcelona","tag-velas"],"_links":{"self":[{"href":"https:\/\/bocemtium.com\/web\/wp-json\/wp\/v2\/posts\/306","targetHints":{"allow":["GET"]}}],"collection":[{"href":"https:\/\/bocemtium.com\/web\/wp-json\/wp\/v2\/posts"}],"about":[{"href":"https:\/\/bocemtium.com\/web\/wp-json\/wp\/v2\/types\/post"}],"author":[{"embeddable":true,"href":"https:\/\/bocemtium.com\/web\/wp-json\/wp\/v2\/users\/2"}],"replies":[{"embeddable":true,"href":"https:\/\/bocemtium.com\/web\/wp-json\/wp\/v2\/comments?post=306"}],"version-history":[{"count":2,"href":"https:\/\/bocemtium.com\/web\/wp-json\/wp\/v2\/posts\/306\/revisions"}],"predecessor-version":[{"id":446,"href":"https:\/\/bocemtium.com\/web\/wp-json\/wp\/v2\/posts\/306\/revisions\/446"}],"wp:featuredmedia":[{"embeddable":true,"href":"https:\/\/bocemtium.com\/web\/wp-json\/wp\/v2\/media\/439"}],"wp:attachment":[{"href":"https:\/\/bocemtium.com\/web\/wp-json\/wp\/v2\/media?parent=306"}],"wp:term":[{"taxonomy":"category","embeddable":true,"href":"https:\/\/bocemtium.com\/web\/wp-json\/wp\/v2\/categories?post=306"},{"taxonomy":"post_tag","embeddable":true,"href":"https:\/\/bocemtium.com\/web\/wp-json\/wp\/v2\/tags?post=306"}],"curies":[{"name":"wp","href":"https:\/\/api.w.org\/{rel}","templated":true}]}}