{"id":309,"date":"2020-01-02T12:11:30","date_gmt":"2020-01-02T12:11:30","guid":{"rendered":"http:\/\/bocemtium.com\/comunicacion\/?p=251"},"modified":"2021-05-12T13:21:52","modified_gmt":"2021-05-12T13:21:52","slug":"bocemtium-organizo-con-exito-el-vi-congreso-mundial-de-fabricantes-de-velas-wcc2019-celebrado-en-barcelona","status":"publish","type":"post","link":"https:\/\/bocemtium.com\/web\/2020\/01\/02\/bocemtium-organizo-con-exito-el-vi-congreso-mundial-de-fabricantes-de-velas-wcc2019-celebrado-en-barcelona\/","title":{"rendered":"bocemtium organiz\u00f3 con \u00e9xito el VI Congreso Mundial de Fabricantes de Velas (WCC\u20192019), celebrado en Barcelona"},"content":{"rendered":"<h6>El WWC\u201919 fue organizado conjuntamente por la Association European Candle Makers, la European Candle Makers y la Asociaci\u00f3n Latinoamericana de Fabricantes de Velas<\/h6>\n<figure id=\"attachment_253\" aria-describedby=\"caption-attachment-253\" style=\"width: 300px\" class=\"wp-caption alignleft\"><img loading=\"lazy\" decoding=\"async\" class=\"size-medium wp-image-253\" src=\"https:\/\/bocemtium.com\/web\/wp-content\/uploads\/2021\/05\/wwc19-300x147.jpg\" alt=\"\" width=\"300\" height=\"147\" \/><figcaption id=\"caption-attachment-253\" class=\"wp-caption-text\">Performance con velas realizado durante el WCC\u20192019<\/figcaption><\/figure>\n<p>Desde el el pasado 28 de abril hasta el 1 de mayo se celebr\u00f3 en Barcelona el <a href=\"https:\/\/www.worldcandlecongress.com\/\" target=\"_blank\" rel=\"noopener noreferrer\">VI Congreso Mundial de Fabricantes de Velas (WCC\u20192019)<\/a>, que es el acontecimiento profesional m\u00e1s importante que se realiza en el mundo en el sector de la fabricaci\u00f3n de velas. El <strong>WWC\u201919<\/strong> fue organizado conjuntamente por la Association European Candle Makers (AECM), la European Candle Makers (ECA) y la Asociaci\u00f3n Latinoamericana de Fabricantes de Velas (ALAFAVE) y reuni\u00f3 a unos 600 profesionales de Europa, Estados Unidos, Latinoam\u00e9rica y Asia, en total unos 40 pa\u00edses. Fue la primera vez que se hizo este congreso en el continente europeo, cuyo lema fue \u201cIluminando el mundo con nuevas oportunidades\u201d.<\/p>\n<p><strong>Miquel Roura<\/strong>, presidente del Comit\u00e9 Organizador, explic\u00f3 que \u201cel congreso tuvo como objetivo compartir conocimiento y las principales problem\u00e1ticas de la industria de la vela como son los aspectos legales, las materias primas, el medio ambiente; intercambiar experiencias y debatir con colegas de otros pa\u00edses los principales temas de actualidad de nuestra industria\u201d. As\u00ed mismo destac\u00f3<strong> Roura<\/strong> que \u201cinvitamos a los principales proveedores del mundo de la industria de las velas que mostrar\u00e1n los avances e innovaci\u00f3n del sector en una importante Exposici\u00f3n Comercial\u201d.<\/p>\n<p><strong>Jaume Bolt\u00e0<\/strong>, director general de bocemtium, resalt\u00f3 la dificultad de coordinar a tres asociaciones internacionales de gran prestigio y de \u00e1mbitos diferentes y que el \u00e9xito final se debi\u00f3, sobre todo, a la buena comunicaci\u00f3n que se estableci\u00f3 con el Comit\u00e9 Organizador y a la proactividad de bocemtium en la propuesta de acciones, tanto organizativas como de propuestas creativas.<\/p>\n","protected":false},"excerpt":{"rendered":"<p>El WWC\u201919 fue organizado conjuntamente por la Association European Candle Makers, la European Candle Makers y la Asociaci\u00f3n Latinoamericana de Fabricantes de Velas Desde el el pasado 28 de abril hasta el 1 de mayo se celebr\u00f3 en Barcelona el VI Congreso Mundial de Fabricantes de Velas (WCC\u20192019), que es &hellip;<\/p>\n","protected":false},"author":2,"featured_media":0,"comment_status":"closed","ping_status":"closed","sticky":false,"template":"","format":"standard","meta":{"footnotes":""},"categories":[17,66,77],"tags":[],"class_list":["post-309","post","type-post","status-publish","format-standard","hentry","category-congresos","category-sin-categorizar","category-wwc19"],"_links":{"self":[{"href":"https:\/\/bocemtium.com\/web\/wp-json\/wp\/v2\/posts\/309","targetHints":{"allow":["GET"]}}],"collection":[{"href":"https:\/\/bocemtium.com\/web\/wp-json\/wp\/v2\/posts"}],"about":[{"href":"https:\/\/bocemtium.com\/web\/wp-json\/wp\/v2\/types\/post"}],"author":[{"embeddable":true,"href":"https:\/\/bocemtium.com\/web\/wp-json\/wp\/v2\/users\/2"}],"replies":[{"embeddable":true,"href":"https:\/\/bocemtium.com\/web\/wp-json\/wp\/v2\/comments?post=309"}],"version-history":[{"count":1,"href":"https:\/\/bocemtium.com\/web\/wp-json\/wp\/v2\/posts\/309\/revisions"}],"predecessor-version":[{"id":412,"href":"https:\/\/bocemtium.com\/web\/wp-json\/wp\/v2\/posts\/309\/revisions\/412"}],"wp:attachment":[{"href":"https:\/\/bocemtium.com\/web\/wp-json\/wp\/v2\/media?parent=309"}],"wp:term":[{"taxonomy":"category","embeddable":true,"href":"https:\/\/bocemtium.com\/web\/wp-json\/wp\/v2\/categories?post=309"},{"taxonomy":"post_tag","embeddable":true,"href":"https:\/\/bocemtium.com\/web\/wp-json\/wp\/v2\/tags?post=309"}],"curies":[{"name":"wp","href":"https:\/\/api.w.org\/{rel}","templated":true}]}}