{"id":310,"date":"2020-01-02T15:20:23","date_gmt":"2020-01-02T15:20:23","guid":{"rendered":"http:\/\/bocemtium.com\/comunicacion\/?p=255"},"modified":"2021-05-12T13:21:25","modified_gmt":"2021-05-12T13:21:25","slug":"cuidar-el-medio-ambiente-es-un-deber-ineludible-de-los-organizadores-profesionales-de-congresos","status":"publish","type":"post","link":"https:\/\/bocemtium.com\/web\/2020\/01\/02\/cuidar-el-medio-ambiente-es-un-deber-ineludible-de-los-organizadores-profesionales-de-congresos\/","title":{"rendered":"Cuidar el medio ambiente es un deber ineludible de los organizadores profesionales de congresos"},"content":{"rendered":"<figure id=\"attachment_256\" aria-describedby=\"caption-attachment-256\" style=\"width: 300px\" class=\"wp-caption alignleft\"><img loading=\"lazy\" decoding=\"async\" class=\"size-medium wp-image-256\" src=\"https:\/\/bocemtium.com\/web\/wp-content\/uploads\/2021\/05\/bolta-bn-300x300.png\" alt=\"\" width=\"300\" height=\"300\" \/><figcaption id=\"caption-attachment-256\" class=\"wp-caption-text\">Jaume Bolt\u00e0, director general de bocemtium<\/figcaption><\/figure>\n<p>Con motivo de la <strong>Cumbre del Clima celebrada durante este mes en Madrid (COP25)<\/strong>, <strong><a href=\"https:\/\/opcspain.org\/project\/opc-espana-se-posiciona-en-la-cop25-por-los-eventos-sostenibles\/\" target=\"_blank\" rel=\"noopener noreferrer\">OPC Espa\u00f1a<\/a><\/strong> organiz\u00f3 el pasado 10 de diciembre una jornada sobre eventos sostenibles y cuyos objetivos fueron \u201cunirse a la lucha contra el cambio clim\u00e1tico y, por otro, fomentar la econom\u00eda baja en carbono entre el Sector MICE\u201d. Como vicepresidente de <strong>OPC Espa\u00f1<\/strong>a y presidente de <a href=\"http:\/\/www.opc.cat\" target=\"_blank\" rel=\"noopener noreferrer\"><strong>OPC Catalunya<\/strong><\/a> es uno de los temas que m\u00e1s inter\u00e9s he intentado poner en la agenda del sector turismo de congresos y reuniones, el cual gener\u00f3 en el \u00faltimo a\u00f1o m\u00e1s de 6.000 millones de euros en Espa\u00f1a.<\/p>\n<p>Los organizadores de congresos llevamos ya a\u00f1os trabajando en buenas pr\u00e1cticas para minimizar el impacto ambiental en nuestros eventos, tanto por la sensibilidad y demanda de nuestros clientes por el desarrollo sostenible y el progreso de nuestra sociedad como por la conciencia de los profesionales del turismo que dependemos profesionalmente en gran medida de la salud de nuestro planeta y sus recursos. Organizar eventos en ciudades contaminadas y con una atm\u00f3sfera irrespirable no es una opci\u00f3n. Por otra parte, cada vez m\u00e1s en los concursos internacionales para atraer grandes eventos a un pa\u00eds est\u00e1 jugando un papel preponderante los \u00edndices de contaminaci\u00f3n de los destinos y que, en muchas ocasiones, tiene un peso similar que el que puede tener las infraestructuras de comunicaci\u00f3n o el Palacio de Congresos.<\/p>\n<p>En bocemtium llevamos a\u00f1os trabajando en este sentido. Nuestra certificaci\u00f3n ISO tiene como objetivo, entre otros, asegurar las mejores pr\u00e1cticas medioambientales pero, sobre todo, la sensibilizaci\u00f3n de nuestros profesionales por el medio ambiente es la garant\u00eda de que en todo momento incorporamos en nuestra gesti\u00f3n una decidida apuesta por el desarrollo sostenible. Hoy en d\u00eda, cuidar el medioambiente es un deber ineludible de los organizadores profesionales de congresos.<\/p>\n","protected":false},"excerpt":{"rendered":"<p>Con motivo de la Cumbre del Clima celebrada durante este mes en Madrid (COP25), OPC Espa\u00f1a organiz\u00f3 el pasado 10 de diciembre una jornada sobre eventos sostenibles y cuyos objetivos fueron \u201cunirse a la lucha contra el cambio clim\u00e1tico y, por otro, fomentar la econom\u00eda baja en carbono entre el &hellip;<\/p>\n","protected":false},"author":2,"featured_media":0,"comment_status":"closed","ping_status":"closed","sticky":false,"template":"","format":"standard","meta":{"footnotes":""},"categories":[78,3,36],"tags":[],"class_list":["post-310","post","type-post","status-publish","format-standard","hentry","category-articulos","category-bocemtium","category-jaume-bolta"],"_links":{"self":[{"href":"https:\/\/bocemtium.com\/web\/wp-json\/wp\/v2\/posts\/310","targetHints":{"allow":["GET"]}}],"collection":[{"href":"https:\/\/bocemtium.com\/web\/wp-json\/wp\/v2\/posts"}],"about":[{"href":"https:\/\/bocemtium.com\/web\/wp-json\/wp\/v2\/types\/post"}],"author":[{"embeddable":true,"href":"https:\/\/bocemtium.com\/web\/wp-json\/wp\/v2\/users\/2"}],"replies":[{"embeddable":true,"href":"https:\/\/bocemtium.com\/web\/wp-json\/wp\/v2\/comments?post=310"}],"version-history":[{"count":1,"href":"https:\/\/bocemtium.com\/web\/wp-json\/wp\/v2\/posts\/310\/revisions"}],"predecessor-version":[{"id":411,"href":"https:\/\/bocemtium.com\/web\/wp-json\/wp\/v2\/posts\/310\/revisions\/411"}],"wp:attachment":[{"href":"https:\/\/bocemtium.com\/web\/wp-json\/wp\/v2\/media?parent=310"}],"wp:term":[{"taxonomy":"category","embeddable":true,"href":"https:\/\/bocemtium.com\/web\/wp-json\/wp\/v2\/categories?post=310"},{"taxonomy":"post_tag","embeddable":true,"href":"https:\/\/bocemtium.com\/web\/wp-json\/wp\/v2\/tags?post=310"}],"curies":[{"name":"wp","href":"https:\/\/api.w.org\/{rel}","templated":true}]}}