{"id":328,"date":"2020-06-01T12:07:30","date_gmt":"2020-06-01T12:07:30","guid":{"rendered":"http:\/\/bocemtium.com\/comunicacion\/?p=328"},"modified":"2021-05-12T13:12:09","modified_gmt":"2021-05-12T13:12:09","slug":"jaume-bolta-participa-en-la-1a-jornada-online-de-la-agencia-catalana-de-turisme-act-para-afiliados","status":"publish","type":"post","link":"https:\/\/bocemtium.com\/web\/2020\/06\/01\/jaume-bolta-participa-en-la-1a-jornada-online-de-la-agencia-catalana-de-turisme-act-para-afiliados\/","title":{"rendered":"Jaume Bolt\u00e0 participa en la 1a Jornada online de la Ag\u00e8ncia Catalana de Turisme (ACT) para afiliados"},"content":{"rendered":"<p><img loading=\"lazy\" decoding=\"async\" class=\"alignleft size-medium wp-image-330\" src=\"https:\/\/bocemtium.com\/web\/wp-content\/uploads\/2021\/05\/webinar-ACT-inaugura-300x182.jpg\" alt=\"\" width=\"300\" height=\"182\" \/>La consellera <a href=\"http:\/\/empresa.gencat.cat\/ca\/inici\/\" target=\"_blank\" rel=\"noopener noreferrer\">d\u2019Empresa i Coneixement <\/a>de la Generalitat de Catalunya, <strong>\u00c0ngels Chac\u00f3n<\/strong>, anunci\u00f3 un nuevo espacio colaborativo dirigido a todo el sector tur\u00edstico de Catalu\u00f1a, <strong>coLAB<\/strong>, que pretende ser una herramienta para las empresas tur\u00edsticas y de otros \u00e1mbitos vinculados al sector (TIC, digital, sanitario y formativo) y en donde podr\u00e1n colaborar, compartir y conectar proyectos e ideas con el fin de generar sinergia en un momento tan complicado para el sector provocado por la pandemia provocada por la COVID-19.<\/p>\n<p>La consellera, acompa\u00f1ada del director general de Turisme,<strong> Octavi Bono<\/strong>, y del director de l\u2019<a href=\"http:\/\/act.gencat.cat\/\" target=\"_blank\" rel=\"noopener noreferrer\">Ag\u00e8ncia Catalana de Turisme (ACT)<\/a>, <strong>David Font<\/strong>, hizo este anuncio en la inauguraci\u00f3n de la primera \u00abJornada online dels Afiliats als Programes de Treball\u00bb de la ACT, con el t\u00edtulo \u00abCatalunya \u00e9s millor amb vosaltres\u00bb, y que cont\u00f3 con la participaci\u00f3n de unos 500 profesionales del sector tur\u00edstico de Catalu\u00f1a.<\/p>\n<p><img loading=\"lazy\" decoding=\"async\" class=\"alignright size-medium wp-image-332\" src=\"https:\/\/bocemtium.com\/web\/wp-content\/uploads\/2021\/05\/act-online-b-204x300.jpg\" alt=\"\" width=\"204\" height=\"300\" \/><strong>Jaume Bolt\u00e0<\/strong>, director de <a href=\"http:\/\/www.bocemtium.com\" target=\"_blank\" rel=\"noopener noreferrer\">bocemtium<\/a>, fue uno de los ponentes de este evento. Particip\u00f3 en calidad de presidente de la Associaci\u00f3 d&#8217;<a href=\"http:\/\/opc.cat\" target=\"_blank\" rel=\"noopener noreferrer\">Empreses Organitzadores de Congressos i Reunions de Cataluny<\/a>a (OPC Cat) y destac\u00f3 en su intervenci\u00f3n la importancia del sector de los congresos y eventos, como motor de la econom\u00eda en Catalu\u00f1a, tanto por los ingresos que proporciona, como por la imagen exterior que proyecta del territorio. \u00bb<\/p>\n<p>&nbsp;<\/p>\n","protected":false},"excerpt":{"rendered":"<p>La consellera d\u2019Empresa i Coneixement de la Generalitat de Catalunya, \u00c0ngels Chac\u00f3n, anunci\u00f3 un nuevo espacio colaborativo dirigido a todo el sector tur\u00edstico de Catalu\u00f1a, coLAB, que pretende ser una herramienta para las empresas tur\u00edsticas y de otros \u00e1mbitos vinculados al sector (TIC, digital, sanitario y formativo) y en donde &hellip;<\/p>\n","protected":false},"author":2,"featured_media":378,"comment_status":"closed","ping_status":"closed","sticky":false,"template":"","format":"standard","meta":{"footnotes":""},"categories":[97,3,85,90,36,98],"tags":[],"class_list":["post-328","post","type-post","status-publish","format-standard","has-post-thumbnail","hentry","category-act","category-bocemtium","category-covid-19","category-empresas","category-jaume-bolta","category-turismo"],"_links":{"self":[{"href":"https:\/\/bocemtium.com\/web\/wp-json\/wp\/v2\/posts\/328","targetHints":{"allow":["GET"]}}],"collection":[{"href":"https:\/\/bocemtium.com\/web\/wp-json\/wp\/v2\/posts"}],"about":[{"href":"https:\/\/bocemtium.com\/web\/wp-json\/wp\/v2\/types\/post"}],"author":[{"embeddable":true,"href":"https:\/\/bocemtium.com\/web\/wp-json\/wp\/v2\/users\/2"}],"replies":[{"embeddable":true,"href":"https:\/\/bocemtium.com\/web\/wp-json\/wp\/v2\/comments?post=328"}],"version-history":[{"count":2,"href":"https:\/\/bocemtium.com\/web\/wp-json\/wp\/v2\/posts\/328\/revisions"}],"predecessor-version":[{"id":388,"href":"https:\/\/bocemtium.com\/web\/wp-json\/wp\/v2\/posts\/328\/revisions\/388"}],"wp:featuredmedia":[{"embeddable":true,"href":"https:\/\/bocemtium.com\/web\/wp-json\/wp\/v2\/media\/378"}],"wp:attachment":[{"href":"https:\/\/bocemtium.com\/web\/wp-json\/wp\/v2\/media?parent=328"}],"wp:term":[{"taxonomy":"category","embeddable":true,"href":"https:\/\/bocemtium.com\/web\/wp-json\/wp\/v2\/categories?post=328"},{"taxonomy":"post_tag","embeddable":true,"href":"https:\/\/bocemtium.com\/web\/wp-json\/wp\/v2\/tags?post=328"}],"curies":[{"name":"wp","href":"https:\/\/api.w.org\/{rel}","templated":true}]}}