{"id":347,"date":"2020-10-15T14:44:00","date_gmt":"2020-10-15T14:44:00","guid":{"rendered":"http:\/\/bocemtium.com\/comunicacion\/?p=347"},"modified":"2021-05-12T13:10:11","modified_gmt":"2021-05-12T13:10:11","slug":"exito-del-27-congreso-virtual-controversias-en-psiquiatria","status":"publish","type":"post","link":"https:\/\/bocemtium.com\/web\/2020\/10\/15\/exito-del-27-congreso-virtual-controversias-en-psiquiatria\/","title":{"rendered":"\u00c9xito del 27 Congreso Virtual Controversias en Psiquiatr\u00eda"},"content":{"rendered":"<p>Unos 500 profesionales de la psiquiatr\u00eda participaron del 28 de agosto al 11 de septiembre en el\u00a0<a href=\"https:\/\/www.controversiasbarcelona.org\/es\/\" target=\"_blank\" rel=\"noopener noreferrer\"><strong>27 Symposium Internacional sobre Actualizaciones y Controversias en Psiquiatr\u00eda<\/strong><\/a>. Este congreso fue online y cont\u00f3 con el\u00a0aval cient\u00edfico de la <strong>Sociedad Espa\u00f1ola de Psiquiatr\u00eda<\/strong>, el <strong>Centro de Investigaci\u00f3n Biom\u00e9dica en Red de Salud Mental (CIBERSAM)<\/strong>, la <strong>Societat Catalana de Psiquiatria i Salut Mental<\/strong>, la <strong>Sociedad Portuguesa de Psiquiatr\u00eda y Salud Mental<\/strong> y la <strong>Sociedad Espa\u00f1ola de Psiquiatr\u00eda Biol\u00f3gica<\/strong>. En esta edici\u00f3n el Symposium tuvo como\u00a0lema \u00ab<strong>Violencia y Agresiones<\/strong>\u00bb.<\/p>\n<p>El Comit\u00e9 Organizador estuvo compuesto por el\u00a0<strong>Dr. Luis S\u00e1nchez-Planell<\/strong>, presidente de la Comisi\u00f3n y de la Asociaci\u00f3n Controversias en Psiquiatr\u00eda; <strong>Dr. Narc\u00eds Cardoner<\/strong>, presidente de la Societat Catalana de Psiquiatria i Salut Mental y coordinador Observatori de Salut Mental Comunit\u00e0ria de Catalunya (OSAMCAT); <strong>Dr. Crisanto D\u00edez-Quevedo<\/strong>, profesor Universitat Aut\u00f2noma de Barcelona (UAB) e investigador del Hospital Germans Trias i Pujol de Badalona (Barcelona); y <strong>Dr. Eduard Vieta<\/strong>, \u00a0Jefe del Servicio de Psiquiatr\u00eda y Psicolog\u00eda del Hospital Cl\u00ednic Universitari de Barcelona y Director Cient\u00edfico del CIBERSAM.<\/p>\n<h4>Los profesionales temen un empeoramiento de la salud mental de la poblaci\u00f3n debido a los rebrotes por la COVID-19<\/h4>\n<p>Los <img loading=\"lazy\" decoding=\"async\" class=\"alignleft size-medium wp-image-349\" src=\"https:\/\/bocemtium.com\/web\/wp-content\/uploads\/2021\/05\/Foto-Vieta-2018-214x300.jpg\" alt=\"\" width=\"214\" height=\"300\" \/>profesionales que participaron en <strong>Controversias<\/strong> hicieron p\u00fablico su temor a <a href=\"http:\/\/www.pmfarma.es\/noticias\/29111-los-profesionales-temen-un-empeoramiento-de-la-salud-mental-de-la-poblacion-debido-a-los-rebrotes-por-la-covid-19.html\" target=\"_blank\" rel=\"noopener noreferrer\">un empeoramiento de la salud mental de la poblaci\u00f3n debido a los rebrotes por la COVID-19 y el incremento de contagios<\/a>. El 65% de los espa\u00f1oles muestran s\u00edntomas de ansiedad o cuadros depresivos (la mayor\u00eda, s\u00edntomas leves) debido al confinamiento por la COVID-19, seg\u00fan un estudio realizado por los investigadores del CIBERSAM, del Instituto de Salud Carlos III, <strong>Miquel Angel Fullana<\/strong> y <strong>Joaquim Radua<\/strong> del grupo de Imagen de los Trastornos Relacionados con el Estado de \u00c1nimo y la Ansiedad (IMARD), y <strong>Diego Hidalgo-Mazzei<\/strong> y <strong>Eduard Vieta<\/strong> del grupo de Trastornos Bipolares y Depresivos, del IDIBAPS del Hospital Universitari Clinic de Barcelona. Este estudio, publicado en la revista <em>Journal of Affective Disorders<\/em>, se realiz\u00f3 mediante el sistema de encuestas an\u00f3nimas online del Hospital Cl\u00ednic de Barcelona y participaron m\u00e1s de 5.000 personas.<\/p>\n<p>En este sentido, el <strong>Dr. Eduard Vieta<\/strong>\u00a0explica que este estudio evidencia que para poder prevenir estos trastornos mentales por el confinamiento y la reducci\u00f3n de la movilidad es necesario \u201cseguir una rutina, no consumir excesiva informaci\u00f3n sobre el COVID-19, aprovechar para dedicarse a <em>hobbies<\/em> y estar o mirar a fuera de casa\u201d. Este trabajo sugiere que \u201cconductas de afrontamiento simples pueden proteger contra los s\u00edntomas de ansiedad y depresivos durante la pandemia y confinamiento por COVID-19\u201d.<\/p>\n<p>&nbsp;<\/p>\n","protected":false},"excerpt":{"rendered":"<p>Unos 500 profesionales de la psiquiatr\u00eda participaron del 28 de agosto al 11 de septiembre en el\u00a027 Symposium Internacional sobre Actualizaciones y Controversias en Psiquiatr\u00eda. Este congreso fue online y cont\u00f3 con el\u00a0aval cient\u00edfico de la Sociedad Espa\u00f1ola de Psiquiatr\u00eda, el Centro de Investigaci\u00f3n Biom\u00e9dica en Red de Salud Mental &hellip;<\/p>\n","protected":false},"author":2,"featured_media":374,"comment_status":"closed","ping_status":"closed","sticky":false,"template":"","format":"standard","meta":{"footnotes":""},"categories":[17,43],"tags":[99,12],"class_list":["post-347","post","type-post","status-publish","format-standard","has-post-thumbnail","hentry","category-congresos","category-controversias","tag-covid-19","tag-hospital-clinico"],"_links":{"self":[{"href":"https:\/\/bocemtium.com\/web\/wp-json\/wp\/v2\/posts\/347","targetHints":{"allow":["GET"]}}],"collection":[{"href":"https:\/\/bocemtium.com\/web\/wp-json\/wp\/v2\/posts"}],"about":[{"href":"https:\/\/bocemtium.com\/web\/wp-json\/wp\/v2\/types\/post"}],"author":[{"embeddable":true,"href":"https:\/\/bocemtium.com\/web\/wp-json\/wp\/v2\/users\/2"}],"replies":[{"embeddable":true,"href":"https:\/\/bocemtium.com\/web\/wp-json\/wp\/v2\/comments?post=347"}],"version-history":[{"count":1,"href":"https:\/\/bocemtium.com\/web\/wp-json\/wp\/v2\/posts\/347\/revisions"}],"predecessor-version":[{"id":385,"href":"https:\/\/bocemtium.com\/web\/wp-json\/wp\/v2\/posts\/347\/revisions\/385"}],"wp:featuredmedia":[{"embeddable":true,"href":"https:\/\/bocemtium.com\/web\/wp-json\/wp\/v2\/media\/374"}],"wp:attachment":[{"href":"https:\/\/bocemtium.com\/web\/wp-json\/wp\/v2\/media?parent=347"}],"wp:term":[{"taxonomy":"category","embeddable":true,"href":"https:\/\/bocemtium.com\/web\/wp-json\/wp\/v2\/categories?post=347"},{"taxonomy":"post_tag","embeddable":true,"href":"https:\/\/bocemtium.com\/web\/wp-json\/wp\/v2\/tags?post=347"}],"curies":[{"name":"wp","href":"https:\/\/api.w.org\/{rel}","templated":true}]}}